{"id":3929,"date":"2025-10-03T18:53:38","date_gmt":"2025-10-03T18:53:38","guid":{"rendered":"https:\/\/azar.foundation\/?p=3929"},"modified":"2025-12-19T14:30:22","modified_gmt":"2025-12-19T14:30:22","slug":"education-with-purpose-supporting-the-next-generation-through-the-menora-up-program","status":"publish","type":"post","link":"https:\/\/azar.foundation\/es\/education-with-purpose-supporting-the-next-generation-through-the-menora-up-program\/","title":{"rendered":"Educaci\u00f3n con prop\u00f3sito: apoyando a la pr\u00f3xima generaci\u00f3n a trav\u00e9s del Programa Menora UP"},"content":{"rendered":"<p data-start=\"2499\" data-end=\"2911\" data-rm-block-id=\"block-1\"><img fetchpriority=\"high\" decoding=\"async\" class=\"wp-image-3932 size-large alignnone\" src=\"https:\/\/azar.foundation\/wp-content\/uploads\/2025\/10\/UNIV-UP-2025.09.17-Clase-de-Negocios-9-1-1024x683.jpg\" alt=\"\" width=\"800\" height=\"534\" srcset=\"https:\/\/azar.foundation\/wp-content\/uploads\/2025\/10\/UNIV-UP-2025.09.17-Clase-de-Negocios-9-1-1024x683.jpg 1024w, https:\/\/azar.foundation\/wp-content\/uploads\/2025\/10\/UNIV-UP-2025.09.17-Clase-de-Negocios-9-1-300x200.jpg 300w, https:\/\/azar.foundation\/wp-content\/uploads\/2025\/10\/UNIV-UP-2025.09.17-Clase-de-Negocios-9-1-768x512.jpg 768w, https:\/\/azar.foundation\/wp-content\/uploads\/2025\/10\/UNIV-UP-2025.09.17-Clase-de-Negocios-9-1-1536x1024.jpg 1536w, https:\/\/azar.foundation\/wp-content\/uploads\/2025\/10\/UNIV-UP-2025.09.17-Clase-de-Negocios-9-1-2048x1365.jpg 2048w, https:\/\/azar.foundation\/wp-content\/uploads\/2025\/10\/UNIV-UP-2025.09.17-Clase-de-Negocios-9-1-18x12.jpg 18w\" sizes=\"(max-width: 800px) 100vw, 800px\" \/><\/p>\n<p data-start=\"2499\" data-end=\"2911\" data-rm-block-id=\"block-2\">La educaci\u00f3n abre puertas y, cuando est\u00e1 conectada con la identidad, los valores y la historia de una comunidad, se convierte en una fuerza transformadora. Guiados por esta convicci\u00f3n, desde la Fundaci\u00f3n Leticia &amp; Eduardo Azar reafirmamos nuestro compromiso con el desarrollo integral de la juventud jud\u00eda, apoyando con orgullo el programa Menora UP, una iniciativa \u00fanica de Menora Argentina en alianza con la Universidad de Palermo.<\/p>\n<p data-start=\"2913\" data-end=\"3228\" data-rm-block-id=\"block-3\">Menora UP fue creado para ofrecer a estudiantes jud\u00edos un entorno acad\u00e9mico de excelencia que acompa\u00f1a y celebra sus tradiciones, su fe y su forma de vida. Es un espacio donde el conocimiento profesional se integra con la \u00e9tica, los valores y la espiritualidad, dando lugar a una experiencia educativa que forma tanto la mente como el coraz\u00f3n.<\/p>\n<p data-start=\"2913\" data-end=\"3228\" data-rm-block-id=\"block-4\"><img decoding=\"async\" class=\"wp-image-3936 size-large alignnone\" src=\"https:\/\/azar.foundation\/wp-content\/uploads\/2025\/10\/UNIV-UP-2025.09.17-Clase-de-Negocios-11-1024x683.jpg\" alt=\"\" width=\"800\" height=\"534\" srcset=\"https:\/\/azar.foundation\/wp-content\/uploads\/2025\/10\/UNIV-UP-2025.09.17-Clase-de-Negocios-11-1024x683.jpg 1024w, https:\/\/azar.foundation\/wp-content\/uploads\/2025\/10\/UNIV-UP-2025.09.17-Clase-de-Negocios-11-300x200.jpg 300w, https:\/\/azar.foundation\/wp-content\/uploads\/2025\/10\/UNIV-UP-2025.09.17-Clase-de-Negocios-11-768x512.jpg 768w, https:\/\/azar.foundation\/wp-content\/uploads\/2025\/10\/UNIV-UP-2025.09.17-Clase-de-Negocios-11-1536x1024.jpg 1536w, https:\/\/azar.foundation\/wp-content\/uploads\/2025\/10\/UNIV-UP-2025.09.17-Clase-de-Negocios-11-2048x1365.jpg 2048w, https:\/\/azar.foundation\/wp-content\/uploads\/2025\/10\/UNIV-UP-2025.09.17-Clase-de-Negocios-11-18x12.jpg 18w\" sizes=\"(max-width: 800px) 100vw, 800px\" \/><\/p>\n<p data-start=\"3230\" data-end=\"3650\" data-rm-block-id=\"block-5\">Con una propuesta acad\u00e9mica adaptada al calendario jud\u00edo, Menora UP permite que los estudiantes vivan plenamente su vida comunitaria y religiosa mientras avanzan en su formaci\u00f3n acad\u00e9mica y profesional. El programa incluye adem\u00e1s cursos y actividades orientados al liderazgo, la responsabilidad social y la reflexi\u00f3n \u00e9tica, preparando a los j\u00f3venes para convertirse en l\u00edderes conscientes, comprometidos con la construcci\u00f3n de una sociedad m\u00e1s justa y solidaria.<\/p>\n<p data-start=\"3230\" data-end=\"3650\" data-rm-block-id=\"block-6\"><img decoding=\"async\" class=\"alignnone wp-image-3934 size-large\" src=\"https:\/\/azar.foundation\/wp-content\/uploads\/2025\/10\/UNIV-UP-2025.09.17-Clase-de-Negocios-21-1024x683.jpg\" alt=\"\" width=\"800\" height=\"534\" srcset=\"https:\/\/azar.foundation\/wp-content\/uploads\/2025\/10\/UNIV-UP-2025.09.17-Clase-de-Negocios-21-1024x683.jpg 1024w, https:\/\/azar.foundation\/wp-content\/uploads\/2025\/10\/UNIV-UP-2025.09.17-Clase-de-Negocios-21-300x200.jpg 300w, https:\/\/azar.foundation\/wp-content\/uploads\/2025\/10\/UNIV-UP-2025.09.17-Clase-de-Negocios-21-768x512.jpg 768w, https:\/\/azar.foundation\/wp-content\/uploads\/2025\/10\/UNIV-UP-2025.09.17-Clase-de-Negocios-21-1536x1024.jpg 1536w, https:\/\/azar.foundation\/wp-content\/uploads\/2025\/10\/UNIV-UP-2025.09.17-Clase-de-Negocios-21-2048x1365.jpg 2048w, https:\/\/azar.foundation\/wp-content\/uploads\/2025\/10\/UNIV-UP-2025.09.17-Clase-de-Negocios-21-18x12.jpg 18w\" sizes=\"(max-width: 800px) 100vw, 800px\" \/><\/p>\n<p data-start=\"3652\" data-end=\"3927\" data-rm-block-id=\"block-7\">En la Fundaci\u00f3n creemos firmemente que apoyar la educaci\u00f3n de los j\u00f3venes es una inversi\u00f3n en el futuro colectivo. Cada beca, cada oportunidad de aprendizaje y cada instancia de acompa\u00f1amiento fortalecen las ra\u00edces de nuestra comunidad y siembran esperanza para las generaciones que vienen.<\/p>\n<p data-start=\"3929\" data-end=\"4203\" data-rm-block-id=\"block-8\">En un mundo que cambia r\u00e1pidamente, elegir una educaci\u00f3n basada en valores es apostar por un ma\u00f1ana con ra\u00edces y prop\u00f3sito. Por eso, nos enorgullece acompa\u00f1ar iniciativas como Menora UP: programas que inspiran, conectan y transforman vidas a trav\u00e9s del conocimiento y la identidad.<\/p>\n<p data-start=\"3929\" data-end=\"4203\" data-rm-block-id=\"block-9\"><img loading=\"lazy\" decoding=\"async\" class=\"alignnone wp-image-3937 size-large\" src=\"https:\/\/azar.foundation\/wp-content\/uploads\/2025\/10\/UNIV-UP-2025.09.17-Clase-de-Negocios-33-1024x683.jpg\" alt=\"\" width=\"800\" height=\"534\" srcset=\"https:\/\/azar.foundation\/wp-content\/uploads\/2025\/10\/UNIV-UP-2025.09.17-Clase-de-Negocios-33-1024x683.jpg 1024w, https:\/\/azar.foundation\/wp-content\/uploads\/2025\/10\/UNIV-UP-2025.09.17-Clase-de-Negocios-33-300x200.jpg 300w, https:\/\/azar.foundation\/wp-content\/uploads\/2025\/10\/UNIV-UP-2025.09.17-Clase-de-Negocios-33-768x512.jpg 768w, https:\/\/azar.foundation\/wp-content\/uploads\/2025\/10\/UNIV-UP-2025.09.17-Clase-de-Negocios-33-1536x1024.jpg 1536w, https:\/\/azar.foundation\/wp-content\/uploads\/2025\/10\/UNIV-UP-2025.09.17-Clase-de-Negocios-33-2048x1365.jpg 2048w, https:\/\/azar.foundation\/wp-content\/uploads\/2025\/10\/UNIV-UP-2025.09.17-Clase-de-Negocios-33-18x12.jpg 18w\" sizes=\"(max-width: 800px) 100vw, 800px\" \/><\/p>","protected":false},"excerpt":{"rendered":"<p>Education opens doors, and when it is connected with identity, values, and the history of a community, it becomes a transformative force. Guided by this belief, the Leticia and Eduardo Azar Foundation reaffirms its commitment to the integral development of Jewish youth by proudly supporting the Menora UP program, a unique initiative by Menora Argentina [&hellip;]<\/p>\n","protected":false},"author":1,"featured_media":3930,"comment_status":"open","ping_status":"open","sticky":false,"template":"","format":"standard","meta":{"footnotes":""},"categories":[92],"tags":[64,112,110,111],"class_list":["post-3929","post","type-post","status-publish","format-standard","has-post-thumbnail","hentry","category-argentina","tag-leticia-and-eduardo-azar","tag-menora","tag-menora-up","tag-universidad-de-palermo"],"_links":{"self":[{"href":"https:\/\/azar.foundation\/es\/wp-json\/wp\/v2\/posts\/3929","targetHints":{"allow":["GET"]}}],"collection":[{"href":"https:\/\/azar.foundation\/es\/wp-json\/wp\/v2\/posts"}],"about":[{"href":"https:\/\/azar.foundation\/es\/wp-json\/wp\/v2\/types\/post"}],"author":[{"embeddable":true,"href":"https:\/\/azar.foundation\/es\/wp-json\/wp\/v2\/users\/1"}],"replies":[{"embeddable":true,"href":"https:\/\/azar.foundation\/es\/wp-json\/wp\/v2\/comments?post=3929"}],"version-history":[{"count":6,"href":"https:\/\/azar.foundation\/es\/wp-json\/wp\/v2\/posts\/3929\/revisions"}],"predecessor-version":[{"id":3999,"href":"https:\/\/azar.foundation\/es\/wp-json\/wp\/v2\/posts\/3929\/revisions\/3999"}],"wp:featuredmedia":[{"embeddable":true,"href":"https:\/\/azar.foundation\/es\/wp-json\/wp\/v2\/media\/3930"}],"wp:attachment":[{"href":"https:\/\/azar.foundation\/es\/wp-json\/wp\/v2\/media?parent=3929"}],"wp:term":[{"taxonomy":"category","embeddable":true,"href":"https:\/\/azar.foundation\/es\/wp-json\/wp\/v2\/categories?post=3929"},{"taxonomy":"post_tag","embeddable":true,"href":"https:\/\/azar.foundation\/es\/wp-json\/wp\/v2\/tags?post=3929"}],"curies":[{"name":"wp","href":"https:\/\/api.w.org\/{rel}","templated":true}]}}