{"id":2413,"date":"2024-06-19T13:09:17","date_gmt":"2024-06-19T13:09:17","guid":{"rendered":"https:\/\/azar.foundation\/?p=2413"},"modified":"2024-07-24T21:48:29","modified_gmt":"2024-07-24T21:48:29","slug":"empowering-the-elderly-azars-visit-to-tiferet-inspires-community-spirit","status":"publish","type":"post","link":"https:\/\/azar.foundation\/es\/empowering-the-elderly-azars-visit-to-tiferet-inspires-community-spirit\/","title":{"rendered":"Empowering the Elderly: Azars&#8217; Visit to Tiferet Inspires Community Spirit"},"content":{"rendered":"<p><iframe title=\"Leticia &amp; Eduardo Azar&#039;s visit to Tiferet\" width=\"800\" height=\"450\" src=\"https:\/\/www.youtube.com\/embed\/7kD_j_cq6ak?feature=oembed\" frameborder=\"0\" allow=\"accelerometer; autoplay; clipboard-write; encrypted-media; gyroscope; picture-in-picture; web-share\" referrerpolicy=\"strict-origin-when-cross-origin\" allowfullscreen><\/iframe><\/p>\n<p><span style=\"font-weight: 400;\">Leticia y Eduardo Azar compartieron una jornada de trabajo con los participantes de Tiferet, el grupo de adultos mayores de la Fundaci\u00f3n de Acci\u00f3n Social de Jabad, quienes realizan actividades productivas con fines ben\u00e9ficos.<\/span><\/p>\n<p><span style=\"font-weight: 400;\">Both Leticia and Eduardo were very excited to visit this project, which was born in July 2022 in Buenos Aires with the aim of empowering senior members in a stage of life in which they often seem to be forgotten.<\/span><\/p>\n<p><span style=\"font-weight: 400;\">El matrimonio Azar particip\u00f3 en las actividades productivas del grupo y se divirti\u00f3 llenando bolsitas de especias para donar. Conversaron y compartieron un buen rato con los integrantes, quienes asisten al centro dos veces por semana, tres horas al d\u00eda.<\/span><\/p>\n<p><img fetchpriority=\"high\" decoding=\"async\" class=\"alignnone wp-image-2423 size-large\" src=\"https:\/\/azar.foundation\/wp-content\/uploads\/2024\/07\/IJ8A1399-1024x683.jpg\" alt=\"\" width=\"800\" height=\"534\" srcset=\"https:\/\/azar.foundation\/wp-content\/uploads\/2024\/07\/IJ8A1399-1024x683.jpg 1024w, https:\/\/azar.foundation\/wp-content\/uploads\/2024\/07\/IJ8A1399-300x200.jpg 300w, https:\/\/azar.foundation\/wp-content\/uploads\/2024\/07\/IJ8A1399-768x512.jpg 768w, https:\/\/azar.foundation\/wp-content\/uploads\/2024\/07\/IJ8A1399-1536x1024.jpg 1536w, https:\/\/azar.foundation\/wp-content\/uploads\/2024\/07\/IJ8A1399-2048x1365.jpg 2048w, https:\/\/azar.foundation\/wp-content\/uploads\/2024\/07\/IJ8A1399-18x12.jpg 18w\" sizes=\"(max-width: 800px) 100vw, 800px\" \/><\/p>\n<p><span style=\"font-weight: 400;\">La visita cont\u00f3 con la presencia de la coordinadora de Tiferet, Jacqueline Lesznik, y del director de la Oficina de Desarrollo de Jabad Lubavitch Argentina, Alejandro Altman, quienes se mostraron muy contentos de poder recibir a Leticia y Eduardo Azar en este proyecto \u00fanico.<\/span><\/p>\n<p><span style=\"font-weight: 400;\">\u201cMe siento muy \u00fatil\u201d, coment\u00f3 una participante que asiste a Tiferet desde el nacimiento del proyecto.<\/span><\/p>\n<p><span style=\"font-weight: 400;\">&#8220;I am happy to come and share moments with the group,&#8221; she added.<\/span><\/p>\n<p><img decoding=\"async\" class=\"alignnone wp-image-2435 size-large\" src=\"https:\/\/azar.foundation\/wp-content\/uploads\/2024\/07\/IJ8A1418-1024x683.jpg\" alt=\"\" width=\"800\" height=\"534\" srcset=\"https:\/\/azar.foundation\/wp-content\/uploads\/2024\/07\/IJ8A1418-1024x683.jpg 1024w, https:\/\/azar.foundation\/wp-content\/uploads\/2024\/07\/IJ8A1418-300x200.jpg 300w, https:\/\/azar.foundation\/wp-content\/uploads\/2024\/07\/IJ8A1418-768x512.jpg 768w, https:\/\/azar.foundation\/wp-content\/uploads\/2024\/07\/IJ8A1418-1536x1024.jpg 1536w, https:\/\/azar.foundation\/wp-content\/uploads\/2024\/07\/IJ8A1418-2048x1365.jpg 2048w, https:\/\/azar.foundation\/wp-content\/uploads\/2024\/07\/IJ8A1418-18x12.jpg 18w\" sizes=\"(max-width: 800px) 100vw, 800px\" \/><\/p>\n<p><b>C\u00f3mo funciona el programa<\/b><\/p>\n<p><span style=\"font-weight: 400;\">Tiferet Zekeinim es un proyecto de La Fundaci\u00f3n de Acci\u00f3n Social de Jabad dirigido a adultos mayores de 69 a\u00f1os. Cuenta con el apoyo financiero de la Fundaci\u00f3n Leticia y Eduardo Azar.\u00a0<\/span><\/p>\n<p><span style=\"font-weight: 400;\">Su principal objetivo es contribuir al empoderamiento de las personas mayores dentro de la comunidad jud\u00eda argentina.<\/span><\/p>\n<p><span style=\"font-weight: 400;\">El proyecto comenz\u00f3 en julio de 2022 con 30 participantes y actualmente cuenta con 320.<\/span><\/p>\n<p><img decoding=\"async\" class=\"alignnone wp-image-2449 size-large\" src=\"https:\/\/azar.foundation\/wp-content\/uploads\/2024\/07\/IJ8A1459-1024x683.jpg\" alt=\"\" width=\"800\" height=\"534\" srcset=\"https:\/\/azar.foundation\/wp-content\/uploads\/2024\/07\/IJ8A1459-1024x683.jpg 1024w, https:\/\/azar.foundation\/wp-content\/uploads\/2024\/07\/IJ8A1459-300x200.jpg 300w, https:\/\/azar.foundation\/wp-content\/uploads\/2024\/07\/IJ8A1459-768x512.jpg 768w, https:\/\/azar.foundation\/wp-content\/uploads\/2024\/07\/IJ8A1459-1536x1024.jpg 1536w, https:\/\/azar.foundation\/wp-content\/uploads\/2024\/07\/IJ8A1459-2048x1365.jpg 2048w, https:\/\/azar.foundation\/wp-content\/uploads\/2024\/07\/IJ8A1459-18x12.jpg 18w\" sizes=\"(max-width: 800px) 100vw, 800px\" \/><\/p>\n<p><span style=\"font-weight: 400;\">Los participantes, quienes reciben un subsidio por su trabajo, asisten dos veces por semana durante tres horas al d\u00eda al centro, donde se dedican a diversas actividades productivas. Entre estas actividades se incluye el armado de botiquines, kits de meriendas, mishloaj manot, kits de \u00fatiles escolares, bolsas de productos para Pesaj y Rosh Hashan\u00e1, manteles, juegos de naipes, kits de velas, kits de Shabat, accesorios para ni\u00f1as, remeras y kits de sabores.<\/span><\/p>\n<p><span style=\"font-weight: 400;\">Todo lo producido es donado a escuelas, hospitales, organizaciones sociales, comedores escolares e instituciones jud\u00edas.\u00a0<\/span><\/p>","protected":false},"excerpt":{"rendered":"<p>Leticia and Eduardo Azar shared a day of work with the participants of Tiferet, the group of senior citizens of La Fundaci\u00f3n de Acci\u00f3n Social de Jabad, who carry out productive activities for charitable purposes. Both Leticia and Eduardo were very excited to visit this project, which was born in July 2022 in Buenos Aires [&hellip;]<\/p>\n","protected":false},"author":1,"featured_media":2423,"comment_status":"closed","ping_status":"closed","sticky":false,"template":"","format":"standard","meta":{"footnotes":""},"categories":[1],"tags":[64,63],"class_list":["post-2413","post","type-post","status-publish","format-standard","has-post-thumbnail","hentry","category-uncategorized","tag-leticia-and-eduardo-azar","tag-tiferet"],"_links":{"self":[{"href":"https:\/\/azar.foundation\/es\/wp-json\/wp\/v2\/posts\/2413","targetHints":{"allow":["GET"]}}],"collection":[{"href":"https:\/\/azar.foundation\/es\/wp-json\/wp\/v2\/posts"}],"about":[{"href":"https:\/\/azar.foundation\/es\/wp-json\/wp\/v2\/types\/post"}],"author":[{"embeddable":true,"href":"https:\/\/azar.foundation\/es\/wp-json\/wp\/v2\/users\/1"}],"replies":[{"embeddable":true,"href":"https:\/\/azar.foundation\/es\/wp-json\/wp\/v2\/comments?post=2413"}],"version-history":[{"count":9,"href":"https:\/\/azar.foundation\/es\/wp-json\/wp\/v2\/posts\/2413\/revisions"}],"predecessor-version":[{"id":2535,"href":"https:\/\/azar.foundation\/es\/wp-json\/wp\/v2\/posts\/2413\/revisions\/2535"}],"wp:featuredmedia":[{"embeddable":true,"href":"https:\/\/azar.foundation\/es\/wp-json\/wp\/v2\/media\/2423"}],"wp:attachment":[{"href":"https:\/\/azar.foundation\/es\/wp-json\/wp\/v2\/media?parent=2413"}],"wp:term":[{"taxonomy":"category","embeddable":true,"href":"https:\/\/azar.foundation\/es\/wp-json\/wp\/v2\/categories?post=2413"},{"taxonomy":"post_tag","embeddable":true,"href":"https:\/\/azar.foundation\/es\/wp-json\/wp\/v2\/tags?post=2413"}],"curies":[{"name":"wp","href":"https:\/\/api.w.org\/{rel}","templated":true}]}}